{"id":293,"date":"2012-08-21T09:58:42","date_gmt":"2012-08-21T07:58:42","guid":{"rendered":"http:\/\/sanasi.se\/?p=293"},"modified":"2012-08-24T15:08:07","modified_gmt":"2012-08-24T13:08:07","slug":"nar-barnen-drabbas","status":"publish","type":"post","link":"https:\/\/sanasi.se\/index.php\/nar-barnen-drabbas\/","title":{"rendered":"N\u00e4r barnen drabbas"},"content":{"rendered":"<p>P\u00e5 en skolg\u00e5rd n\u00e5gonstans i Sverige, lite vid sidan av, men \u00e4nd\u00e5 mitt i myllret av efter-sommarlovet-glada barn, st\u00e5r en sex\u00e5rig flicka. Hon har precis b\u00f6rjat i nollan. I en helt ny skola.\u00a0K\u00e4nner ingen. Allt \u00e4r nytt. Nya fr\u00f6knar, nya rutiner, nya klasskompisar. Nya salar att hitta r\u00e4tt i och nya spelregler att l\u00e4ra sig tolka f\u00f6r att sedan f\u00f6rs\u00f6ka r\u00e4tta sig efter. Hon \u00e4r inte blyg. Har aldrig varit. Men allt detta nya k\u00e4nns lite l\u00e4skigt. Och hon kramade sin mammas hand h\u00e5rt n\u00e4r hon gick dit i morse.<\/p>\n<p>Detta \u00e4r starten p\u00e5 en ny etapp i livet. H\u00e4r ska hon knyta kontakter med nya kompisar. Hitta en b\u00e4sta v\u00e4n. Fnittra \u00f6ver killars tokigheter, ha hemligheter och k\u00e4nna sig hemma. H\u00e4r ska hon g\u00e5 i 10 \u00e5r. Det h\u00e4r \u00e4r det nya nuet. Och det \u00e4r nu plattformen f\u00f6r hennes sj\u00e4lvf\u00f6rtroende ska byggas. Det \u00e4r h\u00e4r hon ska skapa sig en trygghet tillsammans med fr\u00f6knar och klasskompisar.<\/p>\n<p>Men hennes mamma \u00e4r utan jobb. Blev varslad precis f\u00f6re sommaren, d\u00e5 arbetsbrist gjorde att hennes arbetsgivare inte hade r\u00e5d att ha henne kvar. Och d\u00e4rf\u00f6r f\u00e5r flickan inte g\u00e5 p\u00e5 fritids. F\u00f6r s\u00e5 \u00e4r det best\u00e4mt. \u00c4ven om flickan inte vill n\u00e5got hellre \u00e4n att vara precis som de andra barnen och f\u00e5 stanna kvar och leka n\u00e4r skoldagen \u00e4r slut. Fritids \u00e4r till f\u00f6r barn som lever i en vardag d\u00e4r b\u00e5da jobbar. Inte f\u00f6r n\u00e5gon vars mamma just nu \u00e4r hemma, fast att mamman inte valt det sj\u00e4lv. F\u00f6r d\u00e5 m\u00e5ste man g\u00e5 hem. Trots att man \u00e4r ny. Trots att det \u00e4r f\u00f6re och efter skolan som de riktiga v\u00e4nskapsbanden knyts. N\u00e4r det \u00e4r lektid, d\u00e5 man f\u00e5r busa och skoja lite som man vill.<\/p>\n<p>Men \u00e4lskade dotter, du ska veta att dina blanka \u00f6gon krossar mitt hj\u00e4rta n\u00e4r jag h\u00e4mtar dig, och du v\u00e4nder dig om och vinkar hejd\u00e5 till dina klasskompisar, som hand i hand och kiknade av skratt rusar iv\u00e4g f\u00f6r att leka. Och jag \u00f6nskar s\u00e5 att situationen var annorlunda. Att du ocks\u00e5 fick springa iv\u00e4g och plocka hallon i skogen, f\u00e5 bl\u00e5m\u00e4rken p\u00e5 kn\u00e4na, leta efter grodor och leka jage.<\/p>\n<p>F\u00f6rl\u00e5t min \u00e4ngel, f\u00f6r att min situation g\u00f6r att du m\u00e5ste g\u00e5 hem n\u00e4r skolan \u00e4r slut. F\u00f6rl\u00e5t min \u00e4ngel f\u00f6r att jag jobbar i en bransch d\u00e4r jobben inte finns i \u00f6verfl\u00f6d. F\u00f6rl\u00e5t min \u00e4ngel f\u00f6r att jag inte kan f\u00e5 dig att f\u00f6rst\u00e5 att jag inte v\u00e4ljer att h\u00e4mta dig efter skolan, n\u00e4r allt du vill \u00e4r att f\u00e5 stanna kvar och leka med dom som ska bli dina nya v\u00e4nner. F\u00f6rl\u00e5t min \u00e4ngel f\u00f6r att jag inte kan ge dig den starten p\u00e5 ditt nya liv som jag \u00f6nskar. Det \u00e4r inget jag v\u00e4ljer. Det \u00e4r andra som best\u00e4mt att det ska vara s\u00e5. Att ni barn ska drabbas f\u00f6r att en vardag pl\u00f6tsligt inte \u00e4r som en vardag brukar vara. F\u00f6rl\u00e5t min \u00e4ngel.<\/p>\n<p>Jag \u00e4lskar dig.<\/p>\n<p>&nbsp;<\/p>\n<p>Till\u00e4gg M\u00e5n 24 augusti.<\/p>\n<p>Hade ett samtal med fr\u00f6knarna p\u00e5 fritids d\u00e4r jag ber\u00e4ttade om mina k\u00e4nslor och farh\u00e5gor. De \u00e4r fantastiska, och efter att ha pratat med rektorn g\u00f6r de nu ett undantag f\u00f6r v\u00e5r dotter. Hon f\u00e5r stanna tom fikan p\u00e5 em, och en dag i veckan fram till 15.00 d\u00e5 de ska g\u00e5 till skogen. Hela hon blev som solsken och f\u00e5gelkvitter n\u00e4r jag ber\u00e4ttade det. Och jag blev alldeles t\u00e5r\u00f6gd. *Tack skola X f\u00f6r att ni f\u00f6rst\u00e5r* \u00a0&lt;3<\/p>\n<p>&nbsp;<\/p>\n","protected":false},"excerpt":{"rendered":"<p>P\u00e5 en skolg\u00e5rd n\u00e5gonstans i Sverige, lite vid sidan av, men \u00e4nd\u00e5 mitt i myllret av efter-sommarlovet-glada barn, st\u00e5r en sex\u00e5rig flicka. Hon har precis b\u00f6rjat i nollan. I en helt ny skola.\u00a0K\u00e4nner ingen. Allt \u00e4r nytt. Nya fr\u00f6knar, nya &hellip; <a href=\"https:\/\/sanasi.se\/index.php\/nar-barnen-drabbas\/\">L\u00e4s mer <span class=\"meta-nav\">&rarr;<\/span><\/a><\/p>\n","protected":false},"author":2,"featured_media":0,"comment_status":"open","ping_status":"open","sticky":false,"template":"","format":"standard","meta":{"footnotes":""},"categories":[3],"tags":[70,71,69,72],"class_list":["post-293","post","type-post","status-publish","format-standard","hentry","category-livet","tag-arbetslos","tag-fritids","tag-orattvisa","tag-skolan"],"_links":{"self":[{"href":"https:\/\/sanasi.se\/index.php\/wp-json\/wp\/v2\/posts\/293","targetHints":{"allow":["GET"]}}],"collection":[{"href":"https:\/\/sanasi.se\/index.php\/wp-json\/wp\/v2\/posts"}],"about":[{"href":"https:\/\/sanasi.se\/index.php\/wp-json\/wp\/v2\/types\/post"}],"author":[{"embeddable":true,"href":"https:\/\/sanasi.se\/index.php\/wp-json\/wp\/v2\/users\/2"}],"replies":[{"embeddable":true,"href":"https:\/\/sanasi.se\/index.php\/wp-json\/wp\/v2\/comments?post=293"}],"version-history":[{"count":9,"href":"https:\/\/sanasi.se\/index.php\/wp-json\/wp\/v2\/posts\/293\/revisions"}],"predecessor-version":[{"id":300,"href":"https:\/\/sanasi.se\/index.php\/wp-json\/wp\/v2\/posts\/293\/revisions\/300"}],"wp:attachment":[{"href":"https:\/\/sanasi.se\/index.php\/wp-json\/wp\/v2\/media?parent=293"}],"wp:term":[{"taxonomy":"category","embeddable":true,"href":"https:\/\/sanasi.se\/index.php\/wp-json\/wp\/v2\/categories?post=293"},{"taxonomy":"post_tag","embeddable":true,"href":"https:\/\/sanasi.se\/index.php\/wp-json\/wp\/v2\/tags?post=293"}],"curies":[{"name":"wp","href":"https:\/\/api.w.org\/{rel}","templated":true}]}}