{"id":915,"date":"2013-04-01T23:32:29","date_gmt":"2013-04-01T21:32:29","guid":{"rendered":"http:\/\/sanasi.se\/?p=915"},"modified":"2013-04-02T06:44:48","modified_gmt":"2013-04-02T04:44:48","slug":"sharing-is-caring","status":"publish","type":"post","link":"http:\/\/sanasi.se\/index.php\/sharing-is-caring\/","title":{"rendered":"Sharing is caring"},"content":{"rendered":"<p><a href=\"http:\/\/sanasi.se\/wp-content\/uploads\/2013\/04\/Sharing-is-caring.png\"><img loading=\"lazy\" decoding=\"async\" class=\"aligncenter size-full wp-image-916\" alt=\"Sharing-is-caring\" src=\"http:\/\/sanasi.se\/wp-content\/uploads\/2013\/04\/Sharing-is-caring.png\" width=\"832\" height=\"337\" srcset=\"http:\/\/sanasi.se\/wp-content\/uploads\/2013\/04\/Sharing-is-caring.png 832w, http:\/\/sanasi.se\/wp-content\/uploads\/2013\/04\/Sharing-is-caring-300x121.png 300w, http:\/\/sanasi.se\/wp-content\/uploads\/2013\/04\/Sharing-is-caring-500x202.png 500w\" sizes=\"auto, (max-width: 832px) 100vw, 832px\" \/><\/a><\/p>\n<p>Jag b\u00e5de uppskattar och \u00e4lskar begreppet &#8221;sharing is caring&#8221;. Tycker att hela konceptet med att p\u00e5 frivillig basis dela med sig till andra av den kunskap man har \u00e4r fantastiskt. I min ibland naiva tillvaro kan jag tycka att detta g\u00f6r v\u00e4rlden lite vackrare. Och mig mycket klokare.<\/p>\n<p>Men allt som ofta k\u00e4nner jag mig ocks\u00e5 som en igel som parasiterar p\u00e5 andra.<\/p>\n<p>Glupskt l\u00e4ser jag blogginl\u00e4gg och slukar teorier och tankar som andra skriver och gener\u00f6st delar med sig av. Koncentrerat tittar jag p\u00e5 streamade f\u00f6rl\u00e4sningar, och lyssnar p\u00e5 podcasts, om och om igen, tills att jag n\u00e4stan kan mantra dem i s\u00f6mnen. I smyg f\u00f6ljer jag konversationer och diskussioner i tr\u00e5dar och grupper i sociala n\u00e4tverk. Allt f\u00f6r att utveckla mig sj\u00e4lv och bredda den bas jag st\u00e5r p\u00e5. Jag l\u00e5ter andras slit och livserfarenheter tillfredsst\u00e4lla min om\u00e4ttliga hunger.<\/p>\n<p>Men jag sk\u00e4ms samtidigt d\u00e5 jag inser att jag v\u00e4ldigt s\u00e4llan kommer med n\u00e5gon form av gentj\u00e4nst, eller &#8221;\u00e5terbetalning&#8221; till de som kunskapsberikar mig. Visst h\u00e4nder det att jag skriver inl\u00e4gg som delas, d\u00e4r andra kan f\u00e5 nytta av det jag i min tur har l\u00e4rt mig. Men inte alls i j\u00e4mf\u00f6relse mot all den l\u00e4rdom jag f\u00e5tt av de vars bloggar jag f\u00f6ljer. Och \u00e4ven om jag ibland l\u00e4gger en kommentar, delar deras inl\u00e4gg vidare, eller likear det de skriver, \u00e4r jag r\u00e4tt usel p\u00e5 att s\u00e4ga *tack* f\u00f6r att de \u00e4r s\u00e5 grymma och faktiskt lever efter devisen &#8221;sharing is caring&#8221;. F\u00f6r jag vet ju att utan dem, hade jag inte kunnat allt det jag kan idag.<\/p>\n<p>Men mitt l\u00f6fte till er, mina l\u00e4rare, blir detta. Att jag p\u00e5 b\u00e4sta s\u00e4tt ska f\u00f6rvalta och nyttja den visdom ni delar med er, att jag aldrig ska ta den f\u00f6r given, och att jag i min tur ska f\u00f6ra den vidare till de som vill lyssna och l\u00e4ra av mig. Och att jag ska str\u00e4va efter att en dag kunna dela med mig av det jag har l\u00e4rt mig och f\u00f6rhoppningsvis kunna vara en f\u00f6rebild f\u00f6r n\u00e5gon p\u00e5 samma s\u00e4tt som ni \u00e4r f\u00f6r mig.<\/p>\n<p>S\u00e5 tack<br \/>\n<a href=\"http:\/\/digitalpr.se\/\">Deeped Niclas Strandh<\/a><br \/>\n<a href=\"http:\/\/jardenberg.se\/\">Joakim Jardenberg<\/a><br \/>\n<a href=\"http:\/\/www.digitalmcgyver.com\/\">Michael Kazarnowicz<\/a><br \/>\n<a href=\"http:\/\/www.socialamedier.com\/\">Hans Kullin<\/a><br \/>\n<a href=\"http:\/\/annikalidne.com\/\">Annica Lidne<\/a><br \/>\n<a href=\"http:\/\/fredrikstromberg.se\/\">Fredrik Str\u00f6mberg<\/a><br \/>\n<a href=\"http:\/\/bisonblog.se\/\">Fredrik Wass<\/a><br \/>\n<a href=\"https:\/\/twitter.com\/infomastern\">Susanne Nilsson<\/a><br \/>\n<a href=\"http:\/\/www.ronnestam.com\/\">Johan Ronnestam<\/a><br \/>\n<a href=\"http:\/\/blogg.notabene.se\/\">Carin Fredlund<\/a><br \/>\n<a href=\"http:\/\/www.lindqvist.com\/\">Nikke Lindqvist<\/a><br \/>\n<a href=\"http:\/\/rosdahl.me\/\">Peter Rosdahl<\/a><br \/>\n<a href=\"http:\/\/jesperastrom.com\/digital-marketing-blog\/\">Jesper \u00c5str\u00f6m<\/a><br \/>\n<a href=\"http:\/\/www.jeanettefors.se\/\">Jeanette Fors-Andr\u00e9e<br \/>\n<\/a><a href=\"http:\/\/doktorspinn.com\/\">Jerry Silfwer<\/a><br \/>\n<a href=\"http:\/\/www.search-integration.se\/noketchup\/\">Search Integration<\/a><br \/>\n<a href=\"http:\/\/www.jmw.se\/blogg\/\">JMW<br \/>\n<\/a><a href=\"http:\/\/www.lillagumman.se\/\">Lilla Gumman<\/a><\/p>\n<p>\u2026 och alla ni andra, vars bloggar jag f\u00f6ljer och l\u00e4ser. Tack f\u00f6r att ni delar med er, s\u00e5 att jag kan f\u00e5 ta del av er kunskap och bli lite klokare och b\u00e4ttre p\u00e5 det jag g\u00f6r. Det uppskattas oerh\u00f6rt. Det vill jag att ni ska veta.<\/p>\n<p>&nbsp;<\/p>\n","protected":false},"excerpt":{"rendered":"<p>Jag b\u00e5de uppskattar och \u00e4lskar begreppet &#8221;sharing is caring&#8221;. Tycker att hela konceptet med att p\u00e5 frivillig basis dela med sig till andra av den kunskap man har \u00e4r fantastiskt. I min ibland naiva tillvaro kan jag tycka att detta &hellip; <a href=\"http:\/\/sanasi.se\/index.php\/sharing-is-caring\/\">L\u00e4s mer <span class=\"meta-nav\">&rarr;<\/span><\/a><\/p>\n","protected":false},"author":2,"featured_media":0,"comment_status":"open","ping_status":"open","sticky":false,"template":"","format":"standard","meta":{"footnotes":""},"categories":[10],"tags":[149,147,209,208],"class_list":["post-915","post","type-post","status-publish","format-standard","hentry","category-natet","tag-blogg","tag-forebilder","tag-kunskap","tag-sharing-is-caring"],"_links":{"self":[{"href":"http:\/\/sanasi.se\/index.php\/wp-json\/wp\/v2\/posts\/915","targetHints":{"allow":["GET"]}}],"collection":[{"href":"http:\/\/sanasi.se\/index.php\/wp-json\/wp\/v2\/posts"}],"about":[{"href":"http:\/\/sanasi.se\/index.php\/wp-json\/wp\/v2\/types\/post"}],"author":[{"embeddable":true,"href":"http:\/\/sanasi.se\/index.php\/wp-json\/wp\/v2\/users\/2"}],"replies":[{"embeddable":true,"href":"http:\/\/sanasi.se\/index.php\/wp-json\/wp\/v2\/comments?post=915"}],"version-history":[{"count":3,"href":"http:\/\/sanasi.se\/index.php\/wp-json\/wp\/v2\/posts\/915\/revisions"}],"predecessor-version":[{"id":919,"href":"http:\/\/sanasi.se\/index.php\/wp-json\/wp\/v2\/posts\/915\/revisions\/919"}],"wp:attachment":[{"href":"http:\/\/sanasi.se\/index.php\/wp-json\/wp\/v2\/media?parent=915"}],"wp:term":[{"taxonomy":"category","embeddable":true,"href":"http:\/\/sanasi.se\/index.php\/wp-json\/wp\/v2\/categories?post=915"},{"taxonomy":"post_tag","embeddable":true,"href":"http:\/\/sanasi.se\/index.php\/wp-json\/wp\/v2\/tags?post=915"}],"curies":[{"name":"wp","href":"https:\/\/api.w.org\/{rel}","templated":true}]}}