{"id":790,"date":"2013-03-02T23:06:50","date_gmt":"2013-03-02T22:06:50","guid":{"rendered":"http:\/\/sanasi.se\/?p=790"},"modified":"2013-03-03T11:01:03","modified_gmt":"2013-03-03T10:01:03","slug":"m-som-i-man-och-melodifestival","status":"publish","type":"post","link":"http:\/\/sanasi.se\/index.php\/m-som-i-man-och-melodifestival\/","title":{"rendered":"M som i man och melodifestival"},"content":{"rendered":"<p><a href=\"http:\/\/sanasi.se\/wp-content\/uploads\/2013\/03\/Mello.jpeg\"><img loading=\"lazy\" decoding=\"async\" class=\"aligncenter size-full wp-image-792\" alt=\"Mello\" src=\"http:\/\/sanasi.se\/wp-content\/uploads\/2013\/03\/Mello.jpeg\" width=\"600\" height=\"376\" srcset=\"http:\/\/sanasi.se\/wp-content\/uploads\/2013\/03\/Mello.jpeg 600w, http:\/\/sanasi.se\/wp-content\/uploads\/2013\/03\/Mello-300x188.jpeg 300w, http:\/\/sanasi.se\/wp-content\/uploads\/2013\/03\/Mello-478x300.jpeg 478w\" sizes=\"auto, (max-width: 600px) 100vw, 600px\" \/><\/a><\/p>\n<p>Startf\u00e4ltet i \u00e5rets final i Melodifestivalen har precis blivit f\u00e4rdigt. Och det \u00e4r med besvikelse och lite ont i magen som det blir klart att av tio bidrag i finalen, s\u00e5 \u00e4r det bara ett av dem som framf\u00f6rs av en kvinna. Louise Hoffsten.<\/p>\n<p>Visst \u00e4r det vi, folket, som r\u00f6stat. Och visst har vi kommit fram till resultatet p\u00e5 ett r\u00e4ttvist s\u00e4tt. Det s\u00e4ger jag ingenting om. Men jag kan \u00e4nd\u00e5 tycka att det \u00e4r synd. F\u00f6r omedvetet skickar det ut signaler. Signaler som antingen felaktigt visar en skev samh\u00e4llsbild. Eller \u00e4nnu v\u00e4rre, signaler som faktiskt speglar den tid vi lever i. D\u00e4r vi n\u00e5gonstans lurar oss sj\u00e4lva, n\u00e4r vi f\u00f6rs\u00f6ker \u00f6vertyga oss om att vi \u00e4r n\u00e5gorlunda j\u00e4mst\u00e4llda n\u00e4r det kommer till k\u00f6n.<\/p>\n<p>Men min fyra\u00e5ring reagerade p\u00e5 att det n\u00e4stan bara var killar i finalgenomg\u00e5ngen. Och tyv\u00e4rr \u00e4r det \u00e4r inte f\u00f6rsta g\u00e5ngen han noterar n\u00e5got s\u00e5dant h\u00e4r. Det var n\u00e4mligen samma utg\u00e5ng i finalen av favoritbarnprogrammet Rampljus, d\u00e4r sju finalbidrag framf\u00f6rdes, och inte ett enda av en tjej. D\u00e5 konstaterade han helt sonika att &#8221;Mamma, det finns inga grymma tjejer.&#8221;<\/p>\n<p>Och det finns fler v\u00e5gsk\u00e5lar som sl\u00e5r \u00f6ver. I de flesta jurygrupper i t\u00e4vlingsprogrammen p\u00e5 tv \u00e4r det en majoritet av tv\u00e5 eller tre m\u00e4n, plus en kvinna. F\u00f6rutom i Sveriges m\u00e4sterkock, d\u00e4r juryn bara best\u00e5r av m\u00e4n. Och detta f\u00f6r att det inte finns n\u00e5gra duktiga kvinnliga kockar. Eller?<\/p>\n<p>Och i dotterns tennis delar ledarna upp de \u00e5tta barnen i tv\u00e5 grupper. Fyra killar p\u00e5 den ena tennisbanan och fyra tjejer p\u00e5 den andra. H\u00e4r pratar vi om sex\u00e5ringar. De \u00e4r glada om de lyckas tr\u00e4ffar bollen. S\u00e5 grupperna har ingenting med kunskapsniv\u00e5 att g\u00f6ra. Och jag tror inte att ledarna g\u00f6r det medvetet. Det har bara otur n\u00e4r de t\u00e4nker.<\/p>\n<p>Vi har ett felaktigt &#8221;mind set&#8221;. P\u00e5 default. Och tyv\u00e4rr pr\u00e4ntar vi medvetet och omedvetet in det i v\u00e5ra barn. Redan fr\u00e5n unga \u00e5r. Och jag tror tyv\u00e4rr inte att melodifestivalens startf\u00e4lt i \u00e5r kommer att g\u00f6ra saken b\u00e4ttre. Oavsett hur det kom till.<\/p>\n<p>F\u00f6r egen del hoppas jag att Yohio vinner. Mycket f\u00f6r att han v\u00e5gar g\u00e5 sin egen v\u00e4g. Vara stolt \u00f6ver sig sj\u00e4lv och det han tror p\u00e5. Att han sedan har den b\u00e4sta r\u00f6sten och l\u00e5ten i starf\u00e4ltet, och dessutom har stora m\u00f6jligheter att ta Eurovisionsfelstivalen med storm, ser jag som en riktig bonus.<\/p>\n<p>&nbsp;<\/p>\n<p>Inl\u00e4gg #39 #Blogg100<\/p>\n<p>Och jag \u00e4r ingen kvinnosakskvinna och feminist. Jag gillar olika, blandningen och dynamiken. Och kommer man hem till oss och ser barnens sovrum, \u00e4r det inte s\u00e4rskilt sv\u00e5rt att lista ut att jag har en pojke och en flicka. D\u00e4r finns n\u00e4mligen ett bl\u00e5tt rum och ett rosa rum. Men i b\u00e5da rummen hittar du innebandyklubbor, bollar, nallar, tennisracket, d\u00f6dskallar och p\u00e4rlplattor.<\/p>\n<p><a href=\"http:\/\/sanasi.se\/wp-content\/uploads\/2013\/03\/Startf\u00e4lt.png\"><img loading=\"lazy\" decoding=\"async\" class=\"aligncenter size-full wp-image-791\" alt=\"Startf\u00e4lt\" src=\"http:\/\/sanasi.se\/wp-content\/uploads\/2013\/03\/Startf\u00e4lt.png\" width=\"761\" height=\"405\" srcset=\"http:\/\/sanasi.se\/wp-content\/uploads\/2013\/03\/Startf\u00e4lt.png 761w, http:\/\/sanasi.se\/wp-content\/uploads\/2013\/03\/Startf\u00e4lt-300x159.png 300w, http:\/\/sanasi.se\/wp-content\/uploads\/2013\/03\/Startf\u00e4lt-500x266.png 500w\" sizes=\"auto, (max-width: 761px) 100vw, 761px\" \/><\/a><\/p>\n","protected":false},"excerpt":{"rendered":"<p>Startf\u00e4ltet i \u00e5rets final i Melodifestivalen har precis blivit f\u00e4rdigt. Och det \u00e4r med besvikelse och lite ont i magen som det blir klart att av tio bidrag i finalen, s\u00e5 \u00e4r det bara ett av dem som framf\u00f6rs av &hellip; <a href=\"http:\/\/sanasi.se\/index.php\/m-som-i-man-och-melodifestival\/\">L\u00e4s mer <span class=\"meta-nav\">&rarr;<\/span><\/a><\/p>\n","protected":false},"author":2,"featured_media":0,"comment_status":"open","ping_status":"open","sticky":false,"template":"","format":"standard","meta":{"footnotes":""},"categories":[101,4],"tags":[189,190,133],"class_list":["post-790","post","type-post","status-publish","format-standard","hentry","category-blogg100","category-tankar","tag-jamlikhet","tag-kon","tag-melodifestivalen"],"_links":{"self":[{"href":"http:\/\/sanasi.se\/index.php\/wp-json\/wp\/v2\/posts\/790","targetHints":{"allow":["GET"]}}],"collection":[{"href":"http:\/\/sanasi.se\/index.php\/wp-json\/wp\/v2\/posts"}],"about":[{"href":"http:\/\/sanasi.se\/index.php\/wp-json\/wp\/v2\/types\/post"}],"author":[{"embeddable":true,"href":"http:\/\/sanasi.se\/index.php\/wp-json\/wp\/v2\/users\/2"}],"replies":[{"embeddable":true,"href":"http:\/\/sanasi.se\/index.php\/wp-json\/wp\/v2\/comments?post=790"}],"version-history":[{"count":12,"href":"http:\/\/sanasi.se\/index.php\/wp-json\/wp\/v2\/posts\/790\/revisions"}],"predecessor-version":[{"id":805,"href":"http:\/\/sanasi.se\/index.php\/wp-json\/wp\/v2\/posts\/790\/revisions\/805"}],"wp:attachment":[{"href":"http:\/\/sanasi.se\/index.php\/wp-json\/wp\/v2\/media?parent=790"}],"wp:term":[{"taxonomy":"category","embeddable":true,"href":"http:\/\/sanasi.se\/index.php\/wp-json\/wp\/v2\/categories?post=790"},{"taxonomy":"post_tag","embeddable":true,"href":"http:\/\/sanasi.se\/index.php\/wp-json\/wp\/v2\/tags?post=790"}],"curies":[{"name":"wp","href":"https:\/\/api.w.org\/{rel}","templated":true}]}}