{"id":768,"date":"2013-02-28T23:01:00","date_gmt":"2013-02-28T22:01:00","guid":{"rendered":"http:\/\/sanasi.se\/?p=768"},"modified":"2013-03-01T07:08:35","modified_gmt":"2013-03-01T06:08:35","slug":"nattlopare","status":"publish","type":"post","link":"http:\/\/sanasi.se\/index.php\/nattlopare\/","title":{"rendered":"Nattl\u00f6pare"},"content":{"rendered":"<p><a href=\"http:\/\/sanasi.se\/wp-content\/uploads\/2013\/02\/Icebugs.jpeg\"><img loading=\"lazy\" decoding=\"async\" class=\"aligncenter size-full wp-image-769\" alt=\"Icebugs\" src=\"http:\/\/sanasi.se\/wp-content\/uploads\/2013\/02\/Icebugs.jpeg\" width=\"612\" height=\"612\" srcset=\"http:\/\/sanasi.se\/wp-content\/uploads\/2013\/02\/Icebugs.jpeg 612w, http:\/\/sanasi.se\/wp-content\/uploads\/2013\/02\/Icebugs-150x150.jpeg 150w, http:\/\/sanasi.se\/wp-content\/uploads\/2013\/02\/Icebugs-300x300.jpeg 300w\" sizes=\"auto, (max-width: 612px) 100vw, 612px\" \/><\/a><\/p>\n<p>Strax efter tjugotiden ikv\u00e4ll sn\u00f6rade jag p\u00e5 mig mina l\u00f6parskor. Kl\u00e4dde mig i dubbla lager, satte m\u00f6ssan p\u00e5 huvudet och t\u00e4nde pannlampan.<\/p>\n<p>M\u00f6rkret hade lagt sig och himlen var t\u00e4ckt av stj\u00e4rnor. Luften var s\u00e5 d\u00e4r vintrig och krispig som den bara \u00e4r den h\u00e4r tiden p\u00e5 \u00e5ret, och asfalten glittrade som om n\u00e5gon str\u00f6sslat den med diamanter.<\/p>\n<p>Jag \u00e4lskar att springa kv\u00e4llstid. \u00c4lskar tystnaden. De tomma gatorna. M\u00f6rkret som f\u00f6r\u00e4ndrar den v\u00e4rld man \u00e4r van vid att se. G\u00f6r den mystisk och trolsk. Tr\u00e4d och husfasader kastar sina skuggor i svarta m\u00f6nster p\u00e5 den v\u00e4g man springer. Och ljusk\u00e4glan av pannlampan dansar i takt med varje l\u00f6psteg.<\/p>\n<p>Jag \u00e4r s\u00e4llan r\u00e4dd trots den sena timmen. Utan njuter av ensamheten. Stunden jag f\u00e5r tillsammans med mina tankar. Den \u00e4r som bomull f\u00f6r sj\u00e4len. <\/p>\n<p>Och n\u00e4tterna n\u00e4r jag varit ute och sprungit samma kv\u00e4ll. De n\u00e4tterna sover jag extra djupt. Som om hj\u00e4rnsp\u00f6kena f\u00f6r stunden f\u00e5tt ro och stillar sig. Som om de ocks\u00e5 sover.<\/p>\n<p>Jag \u00e4lskar verkligen mina l\u00f6pturer.<\/p>\n<p>&nbsp;<\/p>\n<p>Inl\u00e4gg #37 #Blogg100<\/p>\n<p>&nbsp;<\/p>\n","protected":false},"excerpt":{"rendered":"<p>Strax efter tjugotiden ikv\u00e4ll sn\u00f6rade jag p\u00e5 mig mina l\u00f6parskor. Kl\u00e4dde mig i dubbla lager, satte m\u00f6ssan p\u00e5 huvudet och t\u00e4nde pannlampan. M\u00f6rkret hade lagt sig och himlen var t\u00e4ckt av stj\u00e4rnor. Luften var s\u00e5 d\u00e4r vintrig och krispig som &hellip; <a href=\"http:\/\/sanasi.se\/index.php\/nattlopare\/\">L\u00e4s mer <span class=\"meta-nav\">&rarr;<\/span><\/a><\/p>\n","protected":false},"author":2,"featured_media":0,"comment_status":"open","ping_status":"open","sticky":false,"template":"","format":"standard","meta":{"footnotes":""},"categories":[101,5],"tags":[184,183,182],"class_list":["post-768","post","type-post","status-publish","format-standard","hentry","category-blogg100","category-traning","tag-kvall","tag-lopning","tag-nattlopare"],"_links":{"self":[{"href":"http:\/\/sanasi.se\/index.php\/wp-json\/wp\/v2\/posts\/768","targetHints":{"allow":["GET"]}}],"collection":[{"href":"http:\/\/sanasi.se\/index.php\/wp-json\/wp\/v2\/posts"}],"about":[{"href":"http:\/\/sanasi.se\/index.php\/wp-json\/wp\/v2\/types\/post"}],"author":[{"embeddable":true,"href":"http:\/\/sanasi.se\/index.php\/wp-json\/wp\/v2\/users\/2"}],"replies":[{"embeddable":true,"href":"http:\/\/sanasi.se\/index.php\/wp-json\/wp\/v2\/comments?post=768"}],"version-history":[{"count":6,"href":"http:\/\/sanasi.se\/index.php\/wp-json\/wp\/v2\/posts\/768\/revisions"}],"predecessor-version":[{"id":775,"href":"http:\/\/sanasi.se\/index.php\/wp-json\/wp\/v2\/posts\/768\/revisions\/775"}],"wp:attachment":[{"href":"http:\/\/sanasi.se\/index.php\/wp-json\/wp\/v2\/media?parent=768"}],"wp:term":[{"taxonomy":"category","embeddable":true,"href":"http:\/\/sanasi.se\/index.php\/wp-json\/wp\/v2\/categories?post=768"},{"taxonomy":"post_tag","embeddable":true,"href":"http:\/\/sanasi.se\/index.php\/wp-json\/wp\/v2\/tags?post=768"}],"curies":[{"name":"wp","href":"https:\/\/api.w.org\/{rel}","templated":true}]}}