{"id":528,"date":"2013-02-02T22:16:56","date_gmt":"2013-02-02T21:16:56","guid":{"rendered":"http:\/\/sanasi.se\/?p=528"},"modified":"2013-02-03T16:40:21","modified_gmt":"2013-02-03T15:40:21","slug":"melfest-ar-igang-och-jag-ar-fast","status":"publish","type":"post","link":"http:\/\/sanasi.se\/index.php\/melfest-ar-igang-och-jag-ar-fast\/","title":{"rendered":"Melfest \u00e4r ig\u00e5ng och jag \u00e4r fast"},"content":{"rendered":"<p>Melodifeltivalen \u00e4r ig\u00e5ng. Sverige stannar, och Twitter g\u00e5r upp i spinn.<br \/>\nEn cirkus som genom Twitter f\u00e5tt mig att sitta b\u00e4nkad framf\u00f6r tvn l\u00f6rdag efter l\u00f6rdag.<\/p>\n<p>Melodifestivalen har aldrig varit intressant f\u00f6r mig. Katastrofala l\u00e5tar, f\u00f6re detta artister som f\u00f6rs\u00f6kt boosta sina dalande karri\u00e4rer, och n\u00e4stan samma startf\u00e4lt \u00e5r efter \u00e5r. Det har helt enkelt inte varit intressant.<\/p>\n<p>Men f\u00f6r tre \u00e5r sedan satt jag ensam hemma en delfinal och Twittrade. Var och varannan tweet taggandes #mello (som var #-tagen d\u00e5) och den sarkasm och humor som twitter bj\u00f6d p\u00e5 tvingade mig att byta kanal f\u00f6r att se p\u00e5 &#8221;el\u00e4ndet&#8221;.<\/p>\n<p>Jag tror aldrig jag har skrattat s\u00e5 mycket till ett tv-program som den kv\u00e4llen. Och efter det har jag varit fast. Melodifestivalen \u00e4r fantastisk med Twitter som side-kick. Redan f\u00f6rra \u00e5ret var det sv\u00e5rt att f\u00f6lja med i taggen. I \u00e5r var det helt om\u00f6jligt.<\/p>\n<p>Mitt fl\u00f6de bj\u00f6d p\u00e5 det traditionella sarkasmen och humorn som alla andra delfinaler \u00e5ren innan. Ett sk\u00f6nt och sp\u00e4nnande till\u00e4gg var att <a href=\"https:\/\/twitter.com\/notifiedSWE\">@notifiedSWE<\/a> och <a href=\"http:\/\/www.flickr.com\/photos\/jocke66\/sets\/72157632670357017\/\">@jocke k\u00f6rde analys<\/a> p\u00e5 hela spektaklet och visade statistik p\u00e5 hur m\u00e5nga vi var som twittrade och hur kurvorna sk\u00f6ts i h\u00f6jden och d\u00f6k under de olika framtr\u00e4dandena.<\/p>\n<p>Twitter, mina v\u00e4nner, f\u00f6r er som inte f\u00f6rst\u00e5tt det \u00e4nnu, tar TV-tittandet till nya h\u00f6jder. Och det \u00e4r inte bara #melfest man kan f\u00f6lja. #Debatt, #p\u00e5sp\u00e5ret, #nymo \u2013 taggarna \u00e4r o\u00e4ndliga, och konversationerna som p\u00e5g\u00e5r p\u00e5 n\u00e4tet vid sidan om \u00e4r obetalbara.<\/p>\n<p>S\u00e5 kv\u00e4llen idag spenderades framf\u00f6r Melodifestivalen, med datorn i kn\u00e4t, ett glas vin och twittersverige som s\u00e4llskap.<\/p>\n<p>Och bara s\u00e5 att ni vet. Jag ringde in och r\u00f6stade p\u00e5 den h\u00e4r killen. Kan man annat \u00e4n att \u00e4lska honom.<\/p>\n<p>&nbsp;<\/p>\n<p><a href=\"http:\/\/sanasi.se\/wp-content\/uploads\/2013\/02\/Yohio.png\"><img loading=\"lazy\" decoding=\"async\" class=\"aligncenter size-full wp-image-529\" alt=\"Yohio\" src=\"http:\/\/sanasi.se\/wp-content\/uploads\/2013\/02\/Yohio.png\" width=\"405\" height=\"405\" srcset=\"http:\/\/sanasi.se\/wp-content\/uploads\/2013\/02\/Yohio.png 405w, http:\/\/sanasi.se\/wp-content\/uploads\/2013\/02\/Yohio-150x150.png 150w, http:\/\/sanasi.se\/wp-content\/uploads\/2013\/02\/Yohio-300x300.png 300w\" sizes=\"auto, (max-width: 405px) 100vw, 405px\" \/><\/a><\/p>\n<p>&nbsp;<\/p>\n<p>Inl\u00e4gg #11 #Blogg100<\/p>\n","protected":false},"excerpt":{"rendered":"<p>Melodifeltivalen \u00e4r ig\u00e5ng. Sverige stannar, och Twitter g\u00e5r upp i spinn. En cirkus som genom Twitter f\u00e5tt mig att sitta b\u00e4nkad framf\u00f6r tvn l\u00f6rdag efter l\u00f6rdag. Melodifestivalen har aldrig varit intressant f\u00f6r mig. Katastrofala l\u00e5tar, f\u00f6re detta artister som f\u00f6rs\u00f6kt &hellip; <a href=\"http:\/\/sanasi.se\/index.php\/melfest-ar-igang-och-jag-ar-fast\/\">L\u00e4s mer <span class=\"meta-nav\">&rarr;<\/span><\/a><\/p>\n","protected":false},"author":2,"featured_media":0,"comment_status":"open","ping_status":"open","sticky":false,"template":"","format":"standard","meta":{"footnotes":""},"categories":[101],"tags":[134,133,17,135],"class_list":["post-528","post","type-post","status-publish","format-standard","hentry","category-blogg100","tag-melfest","tag-melodifestivalen","tag-twitter","tag-yohio"],"_links":{"self":[{"href":"http:\/\/sanasi.se\/index.php\/wp-json\/wp\/v2\/posts\/528","targetHints":{"allow":["GET"]}}],"collection":[{"href":"http:\/\/sanasi.se\/index.php\/wp-json\/wp\/v2\/posts"}],"about":[{"href":"http:\/\/sanasi.se\/index.php\/wp-json\/wp\/v2\/types\/post"}],"author":[{"embeddable":true,"href":"http:\/\/sanasi.se\/index.php\/wp-json\/wp\/v2\/users\/2"}],"replies":[{"embeddable":true,"href":"http:\/\/sanasi.se\/index.php\/wp-json\/wp\/v2\/comments?post=528"}],"version-history":[{"count":5,"href":"http:\/\/sanasi.se\/index.php\/wp-json\/wp\/v2\/posts\/528\/revisions"}],"predecessor-version":[{"id":533,"href":"http:\/\/sanasi.se\/index.php\/wp-json\/wp\/v2\/posts\/528\/revisions\/533"}],"wp:attachment":[{"href":"http:\/\/sanasi.se\/index.php\/wp-json\/wp\/v2\/media?parent=528"}],"wp:term":[{"taxonomy":"category","embeddable":true,"href":"http:\/\/sanasi.se\/index.php\/wp-json\/wp\/v2\/categories?post=528"},{"taxonomy":"post_tag","embeddable":true,"href":"http:\/\/sanasi.se\/index.php\/wp-json\/wp\/v2\/tags?post=528"}],"curies":[{"name":"wp","href":"https:\/\/api.w.org\/{rel}","templated":true}]}}